{"id":14361,"date":"2025-10-21T09:26:55","date_gmt":"2025-10-21T08:26:55","guid":{"rendered":"http:\/\/www.univ-dbkm.dz\/?p=14361"},"modified":"2025-10-21T09:34:20","modified_gmt":"2025-10-21T08:34:20","slug":"le-mot-du-vice-recteur-charge-de-la-pedagogie-a-loccasion-de-louverture-de-lannee-universitaire-2025-2026","status":"publish","type":"post","link":"http:\/\/www.univ-dbkm.dz\/?p=14361&lang=fr","title":{"rendered":"Allocution du vice-recteur charg\u00e9 de la p\u00e9dagogie \u00e0 l\u2019occasion de l\u2019ouverture de l\u2019ann\u00e9e universitaire 2025-2026"},"content":{"rendered":"\t\t<div data-elementor-type=\"wp-post\" data-elementor-id=\"14361\" class=\"elementor elementor-14361\">\n\t\t\t\t\t\t<section class=\"elementor-section elementor-top-section elementor-element elementor-element-dd2a2e0 elementor-section-boxed elementor-section-height-default elementor-section-height-default\" data-id=\"dd2a2e0\" data-element_type=\"section\" data-e-type=\"section\">\n\t\t\t\t\t\t<div class=\"elementor-container elementor-column-gap-default\">\n\t\t\t\t\t<div class=\"elementor-column elementor-col-100 elementor-top-column elementor-element elementor-element-4491f6a\" data-id=\"4491f6a\" data-element_type=\"column\" data-e-type=\"column\">\n\t\t\t<div class=\"elementor-widget-wrap elementor-element-populated\">\n\t\t\t\t\t\t<div class=\"elementor-element elementor-element-fa3fe85 elementor-widget elementor-widget-image\" data-id=\"fa3fe85\" data-element_type=\"widget\" data-e-type=\"widget\" data-widget_type=\"image.default\">\n\t\t\t\t<div class=\"elementor-widget-container\">\n\t\t\t\t\t\t\t\t\t\t\t\t\t\t\t<img fetchpriority=\"high\" decoding=\"async\" width=\"750\" height=\"500\" src=\"http:\/\/www.univ-dbkm.dz\/wp-content\/uploads\/2025\/10\/IMG_2888-min-1024x683.jpg\" class=\"attachment-large size-large wp-image-14350\" alt=\"\" srcset=\"http:\/\/www.univ-dbkm.dz\/wp-content\/uploads\/2025\/10\/IMG_2888-min-1024x683.jpg 1024w, http:\/\/www.univ-dbkm.dz\/wp-content\/uploads\/2025\/10\/IMG_2888-min-300x200.jpg 300w, http:\/\/www.univ-dbkm.dz\/wp-content\/uploads\/2025\/10\/IMG_2888-min-768x512.jpg 768w, http:\/\/www.univ-dbkm.dz\/wp-content\/uploads\/2025\/10\/IMG_2888-min-1536x1024.jpg 1536w, http:\/\/www.univ-dbkm.dz\/wp-content\/uploads\/2025\/10\/IMG_2888-min-2048x1365.jpg 2048w, http:\/\/www.univ-dbkm.dz\/wp-content\/uploads\/2025\/10\/IMG_2888-min-370x247.jpg 370w\" sizes=\"(max-width: 750px) 100vw, 750px\" \/>\t\t\t\t\t\t\t\t\t\t\t\t\t\t\t<\/div>\n\t\t\t\t<\/div>\n\t\t\t\t\t<\/div>\n\t\t<\/div>\n\t\t\t\t\t<\/div>\n\t\t<\/section>\n\t\t\t\t<section class=\"elementor-section elementor-top-section elementor-element elementor-element-b13d269 elementor-section-boxed elementor-section-height-default elementor-section-height-default\" data-id=\"b13d269\" data-element_type=\"section\" data-e-type=\"section\">\n\t\t\t\t\t\t<div class=\"elementor-container elementor-column-gap-default\">\n\t\t\t\t\t<div class=\"elementor-column elementor-col-100 elementor-top-column elementor-element elementor-element-398b492\" data-id=\"398b492\" data-element_type=\"column\" data-e-type=\"column\">\n\t\t\t<div class=\"elementor-widget-wrap elementor-element-populated\">\n\t\t\t\t\t\t<div class=\"elementor-element elementor-element-f459ccb elementor-widget elementor-widget-text-editor\" data-id=\"f459ccb\" data-element_type=\"widget\" data-e-type=\"widget\" data-widget_type=\"text-editor.default\">\n\t\t\t\t<div class=\"elementor-widget-container\">\n\t\t\t\t\t\t\t\t\t<p style=\"text-align: left;\">Au nom de Dieu, le Cl\u00e9ment, le Mis\u00e9ricordieux.<br \/>Louange \u00e0 Dieu qui a enseign\u00e9 par la plume, a instruit l\u2019homme de ce qu\u2019il ignorait. Que la paix et la b\u00e9n\u00e9diction soient sur le plus noble des Messagers.<br \/>Chers \u00e9tudiants, chers coll\u00e8gues enseignants, chers cadres administratifs et personnels del\u2019universit\u00e9,C\u2019est pour moi un grand honneur et un immense plaisir d\u2019ouvrir cette nouvelle ann\u00e9e universitaire par un mot de bienvenue sinc\u00e8re que j\u2019adresse \u00e0 l\u2019ensemble de nos \u00e9tudiants, et plus particuli\u00e8rement \u00e0 nos nouveaux inscrits qui ont choisi notre universit\u00e9 pour poursuivre leur parcours acad\u00e9mique. Je salue \u00e9galement le retour de nos anciens \u00e9tudiants, dont nous attendons davantage de pers\u00e9v\u00e9rance et d\u2019effort afin d\u2019atteindre les plus hauts niveaux d\u2019excellence scientifique.<br \/>L\u2019universit\u00e9 n\u2019est pas seulement un espace d\u2019apprentissage, mais une maison du savoir, une communaut\u00e9 de science et de cr\u00e9ativit\u00e9, et une \u00e9tape d\u00e9cisive dans la construction d\u2019un avenir prometteur.<br \/>Chers \u00e9tudiants, la r\u00e9ussite ne s\u2019obtient qu\u2019\u00e0 travers le travail, la pers\u00e9v\u00e9rance et la discipline. Je vous invite \u00e0 consacrer votre temps \u00e0 l\u2019acquisition du savoir et \u00e0 tirer pleinement profit des moyens p\u00e9dagogiques et technologiques mis \u00e0 votre disposition par l\u2019universit\u00e9.<br \/>Je tiens \u00e9galement \u00e0 souligner l\u2019importance des outils d\u2019intelligence artificielle, devenus<br \/>aujourd\u2019hui une composante essentielle de la recherche et de l\u2019apprentissage. Leur usage doit \u00eatre un appui pour renforcer vos comp\u00e9tences et enrichir vos connaissances, en vous ouvrant des perspectives plus larges d\u2019innovation et de comp\u00e9titivit\u00e9.<br \/>Nous sommes tous fiers du d\u00e9veloppement rapide et continu que conna\u00eet notre universit\u00e9, qui ne cesse de s\u2019agrandir pour r\u00e9pondre aux aspirations de nos \u00e9tudiants. Parmi les r\u00e9alisations r\u00e9centes figurent l\u2019ouverture d\u2019une annexe de M\u00e9decine, une annexe de l\u2019\u00c9cole Normale Sup\u00e9rieure, ainsi que la cr\u00e9ation de la Facult\u00e9 des Lettres et des Arts, offrant ainsi une diversit\u00e9 de formations dans les domaines scientifiques, litt\u00e9raires et \u00e9conomiques, r\u00e9pondant aux diff\u00e9rents go\u00fbts et ambitions.<br \/>Je saisis \u00e9galement cette occasion pour exprimer ma profonde reconnaissance \u00e0 nos \u00e9minents enseignants et aux responsables p\u00e9dagogiques pour le travail remarquable qu\u2019ils accomplissent.<br \/>J\u2019ai la certitude qu\u2019ils continueront \u00e0 s\u2019investir pleinement au service de l\u2019universit\u00e9 et de ses \u00e9tudiants.<br \/>Je tiens aussi \u00e0 adresser mes remerciements \u00e0 mes coll\u00e8gues du personnel administratif et technique, les invitant \u00e0 redoubler d\u2019efforts et \u00e0 poursuivre leur mission avec sinc\u00e9rit\u00e9 et d\u00e9vouement, afin d\u2019assurer \u00e0 nos \u00e9tudiants les meilleures conditions d\u2019\u00e9tude possibles.<br \/>En conclusion, je prie Dieu Tout-Puissant de nous accorder la r\u00e9ussite pour le bien de notre universit\u00e9 et de faire de cette ann\u00e9e universitaire une ann\u00e9e de succ\u00e8s et de prosp\u00e9rit\u00e9.<br \/>Que la paix, la mis\u00e9ricorde et la b\u00e9n\u00e9diction de Dieu soient sur vous.<\/p>\t\t\t\t\t\t\t\t<\/div>\n\t\t\t\t<\/div>\n\t\t\t\t\t<\/div>\n\t\t<\/div>\n\t\t\t\t\t<\/div>\n\t\t<\/section>\n\t\t\t\t<\/div>\n\t\t","protected":false},"excerpt":{"rendered":"<p>Au nom de Dieu, le Cl\u00e9ment, le Mis\u00e9ricordieux.Louange \u00e0 Dieu qui a enseign\u00e9 par la plume, a instruit l\u2019homme de &hellip; <\/p>\n","protected":false},"author":3,"featured_media":0,"comment_status":"closed","ping_status":"open","sticky":false,"template":"","format":"standard","meta":{"_lmt_disableupdate":"","_lmt_disable":"","footnotes":"","_wpscppro_custom_social_share_image":0,"_facebook_share_type":"default","_twitter_share_type":"default","_linkedin_share_type":"default","_pinterest_share_type":"default","_linkedin_share_type_page":"default","_instagram_share_type":"default","_medium_share_type":"default","_threads_share_type":"default","_selected_social_profile":[]},"categories":[26],"tags":[],"class_list":["post-14361","post","type-post","status-publish","format-standard","hentry","category-uncategorized-fr"],"modified_by":"admin","_links":{"self":[{"href":"http:\/\/www.univ-dbkm.dz\/index.php?rest_route=\/wp\/v2\/posts\/14361","targetHints":{"allow":["GET"]}}],"collection":[{"href":"http:\/\/www.univ-dbkm.dz\/index.php?rest_route=\/wp\/v2\/posts"}],"about":[{"href":"http:\/\/www.univ-dbkm.dz\/index.php?rest_route=\/wp\/v2\/types\/post"}],"author":[{"embeddable":true,"href":"http:\/\/www.univ-dbkm.dz\/index.php?rest_route=\/wp\/v2\/users\/3"}],"replies":[{"embeddable":true,"href":"http:\/\/www.univ-dbkm.dz\/index.php?rest_route=%2Fwp%2Fv2%2Fcomments&post=14361"}],"version-history":[{"count":5,"href":"http:\/\/www.univ-dbkm.dz\/index.php?rest_route=\/wp\/v2\/posts\/14361\/revisions"}],"predecessor-version":[{"id":14367,"href":"http:\/\/www.univ-dbkm.dz\/index.php?rest_route=\/wp\/v2\/posts\/14361\/revisions\/14367"}],"wp:attachment":[{"href":"http:\/\/www.univ-dbkm.dz\/index.php?rest_route=%2Fwp%2Fv2%2Fmedia&parent=14361"}],"wp:term":[{"taxonomy":"category","embeddable":true,"href":"http:\/\/www.univ-dbkm.dz\/index.php?rest_route=%2Fwp%2Fv2%2Fcategories&post=14361"},{"taxonomy":"post_tag","embeddable":true,"href":"http:\/\/www.univ-dbkm.dz\/index.php?rest_route=%2Fwp%2Fv2%2Ftags&post=14361"}],"curies":[{"name":"wp","href":"https:\/\/api.w.org\/{rel}","templated":true}]}}